{"id":19197,"date":"2019-07-02T16:58:00","date_gmt":"2019-07-02T14:58:00","guid":{"rendered":"https:\/\/www.luminokrom.com\/tous\/https-www-luminokrom-com-luminokrom-a-europe1-dans-lemission-de-raphaelle-duchemin-ces-francais-qui-inventent-la-route-du-futur\/"},"modified":"2025-05-02T14:40:26","modified_gmt":"2025-05-02T12:40:26","slug":"europe1-raphaelle-duchemin-la-peinture-luminescente-luminokrom-la-route-du-futur","status":"publish","type":"post","link":"https:\/\/www.luminokrom.com\/fr\/presse\/europe1-raphaelle-duchemin-la-peinture-luminescente-luminokrom-la-route-du-futur\/","title":{"rendered":"[Europe1] Rapha\u00eblle Duchemin : La peinture luminescente LuminoKrom\u00ae &#8211; La route du futur"},"content":{"rendered":"<div id=\"pl-19197\"  class=\"panel-layout\" ><div id=\"pg-19197-0\"  class=\"panel-grid panel-no-style\" ><div id=\"pgc-19197-0-0\"  class=\"panel-grid-cell\" ><div id=\"panel-19197-0-0-0\" class=\"so-panel widget widget_sow-editor panel-first-child panel-last-child\" data-index=\"0\" ><div\n\t\t\t\n\t\t\tclass=\"so-widget-sow-editor so-widget-sow-editor-base\"\n\t\t\t\n\t\t>\n<div class=\"siteorigin-widget-tinymce textwidget\">\n\t<p>&nbsp;<\/p>\n<h2 style=\"text-align: justify;\">OliKrom pr\u00e9sente l'innovation de la route luminescente LuminoKrom d\u00e9velopp\u00e9e en partenariat avec le groupe Eiffage<\/h2>\n<p>&nbsp;<\/p>\n<div class=\"visuel\"><img decoding=\"async\" class=\"lazy lazyloaded alignnone\" src=\"https:\/\/www.luminokrom.com\/wp-content\/uploads\/2024\/07\/Raphaelle-Duchemin.png\" alt=\"Rapha\u00eblle Duchemin\" width=\"60\" height=\"60\" data-src=\"https:\/\/www.luminokrom.com\/wp-content\/uploads\/2024\/07\/Raphaelle-Duchemin.png\" \/><\/div>\n<div class=\"cnt\">\n<div class=\"titre\">Par\u00a0Rapha\u00eblle Duchemin<\/div>\n<\/div>\n<p>&nbsp;<\/p>\n<p style=\"text-align: justify;\">A 13h, dans \u201cLa France bouge\u201d, Rapha\u00eblle Duchemin et la r\u00e9daction d\u2019Europe 1 font le tour de France des initiatives positives et novatrices. Travail, \u00e9ducation, sant\u00e9\u2026 ils \u0153uvrent aux quatre coins du pays pour faire bouger les lignes et casser les codes : qui sont ces citoyens, ces entreprises, ces collectivit\u00e9s qui s\u2019engagent et inventent le monde de demain ? Des portraits et des t\u00e9moignages inspirants.<\/p>\n<p>Retrouvez le t\u00e9moignage de -\u00a0<strong>Jean-Fran\u00e7ois L\u00e9tard<\/strong>, PDG d\u2019 OliKrom (Projet de route luminescente LuminoKrom)<\/p>\n<p>&nbsp;<\/p>\n<audio class=\"wp-audio-shortcode\" id=\"audio-19197-1\" preload=\"none\" style=\"width: 100%;\" controls=\"controls\"><source type=\"audio\/mpeg\" src=\"https:\/\/www.luminokrom.com\/wp-content\/uploads\/2019\/07\/Raphaelle-Duchemin-Ces-Francais-qui-inventent-la-route-du-futur-2876054.mp3?_=1\" \/><a href=\"https:\/\/www.luminokrom.com\/wp-content\/uploads\/2019\/07\/Raphaelle-Duchemin-Ces-Francais-qui-inventent-la-route-du-futur-2876054.mp3\">https:\/\/www.luminokrom.com\/wp-content\/uploads\/2019\/07\/Raphaelle-Duchemin-Ces-Francais-qui-inventent-la-route-du-futur-2876054.mp3<\/a><\/audio>\n<p>&nbsp;<\/p>\n<h2>L'innovation de cette peinture routi\u00e8re photoluminescente<\/h2>\n<p style=\"text-align: justify;\"><strong>La peinture routi\u00e8re photoluminescente LuminoKrom\u00ae est\u00a0produite\u00a0par la soci\u00e9t\u00e9\u00a0OliKrom\u00a0implant\u00e9e \u00e0 Pessac (33), en France.<\/strong>\u00a0Elle exploite\u00a0<strong>l\u2019\u00e9nergie renouvelable des rayonnements solaires.\u00a0<\/strong>Elle capte la lumi\u00e8re en journ\u00e9e et s\u2019\u00e9claire la nuit sans aucune consommation d\u2019\u00e9lectricit\u00e9 ni \u00e9mission de CO<sub>2<\/sub>.<\/p>\n<p style=\"text-align: justify;\"><strong>LuminoKrom\u00ae est une\u00a0<a href=\"https:\/\/www.luminokrom.com\/fr\/luminescence-dimension-economique\/\">innovation brevet\u00e9e<\/a><\/strong>\u00a0d\u00e9velopp\u00e9e au sein du d\u00e9partement R&amp;D d\u2019OliKrom. Quatre ann\u00e9es de recherche ont \u00e9t\u00e9 n\u00e9cessaires pour obtenir une peinture conforme \u00e0 un usage professionnel avec des performances lumineuses optimales (en intensit\u00e9 et en dur\u00e9e) pour assurer une visibilit\u00e9 tout au long de la nuit (+10 heures).<\/p>\n<p style=\"text-align: justify;\">En 2018, la peinture photoluminescente LuminoKrom\u00ae a \u00e9t\u00e9 appliqu\u00e9e avec succ\u00e8s sur une piste cyclable. En 2019, cette innovation dans le domaine des infrastructures routi\u00e8res est labellis\u00e9e par le\u00a0<strong>Comit\u00e9 d\u2019Innovation Routes et Rues<\/strong>. En 2020<strong>,<\/strong>\u00a0le marquage luminescent LuminoKrom\u00ae est nomin\u00e9 au\u00a0<a href=\"https:\/\/www.securite-routiere.gouv.fr\/actualites\/4e-edition-des-concours-innovation-securite-routiere-decouvrez-ces-innovations-qui\"><strong>Prix Innovation de la S\u00e9curit\u00e9 Routi\u00e8re<\/strong><\/a>.<\/p>\n<p style=\"text-align: justify;\">Les marquages photoluminescents LuminoKrom\u00ae sont aujourd\u2019hui largement d\u00e9ploy\u00e9s en France pour s\u00e9curiser les am\u00e9nagements cyclistes et les cheminements pi\u00e9tons. En 2020, les marquages LuminoKrom\u00ae ont commenc\u00e9 \u00e0 s\u00e9duire au-del\u00e0 de nos fronti\u00e8res avec notamment des\u00a0<strong><a href=\"https:\/\/www.luminokrom.com\/fr\/reference\/namur-en-belgique-peinture-photoluminescente-luminokrom\/\">premiers chantiers en Belgique<\/a><\/strong>.<\/p>\n<p>&nbsp;<\/p>\n<h2>Une application test\u00e9e et brevet\u00e9e<\/h2>\n<p style=\"text-align: justify;\">La mise en oeuvre de LuminoKrom\u00ae a \u00e9t\u00e9 test\u00e9e et valid\u00e9e par de nombreux applicateurs, comme par exemple les \u00e9quipes du Groupe Eiffage, AER, Proximark, H\u00e9lios Atlantique, Moliner Sud Signalisation, La Signalisation Routi\u00e8re, Alinea Signalisation, Aximum,\u2026 Ce marquage photoluminescent se d\u00e9pose simplement \u00e0 l\u2019identique d\u2019une peinture routi\u00e8re avec une machine airless.\u00a0La dur\u00e9e de vie est estim\u00e9e \u00e0 plus de 3 ans. Nous avons d\u2019ores et d\u00e9j\u00e0 des chantiers r\u00e9alis\u00e9s depuis plus de 2 ans. des contr\u00f4les techniques sont effectu\u00e9s chaque mois sur une piste t\u00e9moin, pos\u00e9e il y a 30 mois. L\u2019ensemble de ces analyses valident la robustesse de LuminoKrom\u00ae avec un excellent vieillissement et un maintien des propri\u00e9t\u00e9s dans le temps (adh\u00e9rence, colorim\u00e9trie, luminescence,\u2026).<\/p>\n<\/div>\n<\/div><\/div><\/div><\/div><\/div>","protected":false},"excerpt":{"rendered":"<p>&nbsp; OliKrom pr\u00e9sente l&rsquo;innovation de la route luminescente LuminoKrom d\u00e9velopp\u00e9e en partenariat avec le groupe Eiffage &nbsp; Par\u00a0Rapha\u00eblle Duchemin &nbsp; A 13h, dans \u201cLa France bouge\u201d, Rapha\u00eblle Duchemin et [&hellip;]<\/p>\n","protected":false},"author":4,"featured_media":29483,"comment_status":"open","ping_status":"open","sticky":false,"template":"","format":"standard","meta":{"_acf_changed":false,"inline_featured_image":false,"footnotes":""},"categories":[378],"tags":[],"class_list":["post-19197","post","type-post","status-publish","format-standard","has-post-thumbnail","hentry","category-presse"],"acf":[],"_links":{"self":[{"href":"https:\/\/www.luminokrom.com\/fr\/wp-json\/wp\/v2\/posts\/19197","targetHints":{"allow":["GET"]}}],"collection":[{"href":"https:\/\/www.luminokrom.com\/fr\/wp-json\/wp\/v2\/posts"}],"about":[{"href":"https:\/\/www.luminokrom.com\/fr\/wp-json\/wp\/v2\/types\/post"}],"author":[{"embeddable":true,"href":"https:\/\/www.luminokrom.com\/fr\/wp-json\/wp\/v2\/users\/4"}],"replies":[{"embeddable":true,"href":"https:\/\/www.luminokrom.com\/fr\/wp-json\/wp\/v2\/comments?post=19197"}],"version-history":[{"count":6,"href":"https:\/\/www.luminokrom.com\/fr\/wp-json\/wp\/v2\/posts\/19197\/revisions"}],"predecessor-version":[{"id":33463,"href":"https:\/\/www.luminokrom.com\/fr\/wp-json\/wp\/v2\/posts\/19197\/revisions\/33463"}],"wp:featuredmedia":[{"embeddable":true,"href":"https:\/\/www.luminokrom.com\/fr\/wp-json\/wp\/v2\/media\/29483"}],"wp:attachment":[{"href":"https:\/\/www.luminokrom.com\/fr\/wp-json\/wp\/v2\/media?parent=19197"}],"wp:term":[{"taxonomy":"category","embeddable":true,"href":"https:\/\/www.luminokrom.com\/fr\/wp-json\/wp\/v2\/categories?post=19197"},{"taxonomy":"post_tag","embeddable":true,"href":"https:\/\/www.luminokrom.com\/fr\/wp-json\/wp\/v2\/tags?post=19197"}],"curies":[{"name":"wp","href":"https:\/\/api.w.org\/{rel}","templated":true}]}}