{"id":19289,"date":"2023-06-22T13:43:11","date_gmt":"2023-06-22T11:43:11","guid":{"rendered":"https:\/\/www.luminokrom.com\/tous\/https-www-luminokrom-com-deuxieme-voie-verte-securisee-en-belgique-pour-le-marquage-luminokrom\/"},"modified":"2025-11-26T16:37:12","modified_gmt":"2025-11-26T14:37:12","slug":"deuxieme-voie-verte-securisee-en-belgique-avec-le-marquage-luminokrom","status":"publish","type":"post","link":"https:\/\/www.luminokrom.com\/fr\/blog\/deuxieme-voie-verte-securisee-en-belgique-avec-le-marquage-luminokrom\/","title":{"rendered":"Deuxi\u00e8me voie verte s\u00e9curis\u00e9e en Belgique avec LuminoKrom\u00ae"},"content":{"rendered":"<div id=\"pl-19289\"  class=\"panel-layout\" ><div id=\"pg-19289-0\"  class=\"panel-grid panel-no-style\" ><div id=\"pgc-19289-0-0\"  class=\"panel-grid-cell\" ><div id=\"panel-19289-0-0-0\" class=\"so-panel widget widget_sow-editor panel-first-child panel-last-child\" data-index=\"0\" ><div\n\t\t\t\n\t\t\tclass=\"so-widget-sow-editor so-widget-sow-editor-base\"\n\t\t\t\n\t\t>\n<div class=\"siteorigin-widget-tinymce textwidget\">\n\t<p>&nbsp;<\/p>\n<p><strong><span style=\"font-size: 14pt;\">Apr\u00e8s un <a href=\"https:\/\/www.luminokrom.com\/fr\/blog\/namur-un-marquage-luminescent-pour-guider-les-cyclistes-sur-un-ravel\/\" target=\"_blank\" rel=\"noopener\">premier marquage r\u00e9alis\u00e9 \u00e0 Namur<\/a>, notre peinture photoluminescente a \u00e9t\u00e9 appos\u00e9e sur une voie verte du RAVeL (R\u00e9seau Autonome des Voies Lentes) de la ville de Beez en Belgique pour s\u00e9curiser les trajets des cyclistes. D\u00e8s la nuit tomb\u00e9e, le marquage s'illumine pour servir de guide aux usagers de la piste.<\/span><\/strong><\/p>\n<p>&nbsp;<\/p>\n<h2>LuminoKrom\u00ae de retour en Belgique apr\u00e8s un premier succ\u00e8s<\/h2>\n<p>La premi\u00e8re r\u00e9alisation belge est localis\u00e9e sur une petite portion du RAVeL 142, qui relie Namur \u00e0 Jodoigne. En 2020, le <a href=\"https:\/\/spw.wallonie.be\/\" target=\"_blank\" rel=\"noopener\">Service Public de Wallonie<\/a> avait d\u00e9cid\u00e9 d'am\u00e9nager cette piste cyclable de fa\u00e7on \u00e0 assurer la s\u00e9curit\u00e9 des usagers de nuit. La peinture photoluminescente a \u00e9t\u00e9 choisie pour <strong>servir de guide lumineux dans l'obscurit\u00e9<\/strong>.<\/p>\n<div id=\"attachment_14497\" style=\"width: 610px\" class=\"wp-caption aligncenter\"><img aria-describedby=\"caption-attachment-14497\" decoding=\"async\" class=\"size-medium wp-image-14497\" src=\"https:\/\/www.luminokrom.com\/wp-content\/uploads\/2023\/06\/piste-cyclable-namur-belgique_credit-olikrom-600x400.png\" alt=\"Piste cyclable de Namur en Belgique\" width=\"600\" height=\"400\" \/><p id=\"caption-attachment-14497\" class=\"wp-caption-text\"><em>Le RAVeL 142 de Namur en Belgique marqu\u00e9 par LuminoKrom\u00ae<\/em><\/p><\/div>\n<p>&nbsp;<\/p>\n<p>Ce projet, \u00e0 l'\u00e9poque exp\u00e9rimental pour la Belgique, semble porter ses fruits et satisfaire les usagers puisque les services publics locaux ont entrepris de r\u00e9it\u00e9rer leur exp\u00e9rience cette ann\u00e9e.<\/p>\n<p>Apr\u00e8s ce premier essai sur la <a href=\"https:\/\/www.luminokrom.com\/fr\/reference\/namur-en-belgique-peinture-photoluminescente-luminokrom\/\" target=\"_blank\" rel=\"noopener\">piste de Namur<\/a> il y a quelques ann\u00e9es, l\u2019<strong>administration de Wallonie renouvelle sa confiance<\/strong> en notre peinture photoluminescente LuminoKrom\u00ae. Le marquage a \u00e9t\u00e9 r\u00e9alis\u00e9 par ETS Lambert Marquage, d\u00e9j\u00e0 impliqu\u00e9 dans celui de la piste de Namur en 2020.<\/p>\n<p>&nbsp;<\/p>\n<div class=\"btn_degrade_vert\"><a href=\"https:\/\/www.luminokrom.com\/fr\/reference\/beez-en-belgique-marquage-photoluminescent-luminokrom\/\">D\u00e9couvrir la r\u00e9alisation<\/a><\/div>\n<p>&nbsp;<\/p>\n<h2>S\u00e9curiser davantage les d\u00e9placements nocturnes sur les pistes cyclables<\/h2>\n<p>Le but de cette op\u00e9ration est d\u2019encadrer et guider les usagers des RAVeL. Ce R\u00e9seau Autonome des Voies Vertes comprend toutes les voies vertes et pistes am\u00e9nag\u00e9es pour les mobilit\u00e9s douces sur les chemins de halage et anciennes lignes de chemin de fer. Peuvent y circuler les pi\u00e9tons, les v\u00e9los et tous les autres utilisateurs de moyens de transport alternatifs.<\/p>\n<p><strong>Notre marquage luminescent sert de guide visuel aux usagers lors de leurs d\u00e9placements nocturnes<\/strong>.<\/p>\n<p>&nbsp;<\/p>\n<div id=\"attachment_14498\" style=\"width: 610px\" class=\"wp-caption aligncenter\"><img aria-describedby=\"caption-attachment-14498\" decoding=\"async\" class=\"size-medium wp-image-14498\" src=\"https:\/\/www.luminokrom.com\/wp-content\/uploads\/2023\/06\/beez-belgique-avant-apres-600x444.png\" alt=\"Piste cyclable du RAVeL de Beez de jour et de nuit\" width=\"600\" height=\"444\" \/><p id=\"caption-attachment-14498\" class=\"wp-caption-text\"><em>Piste cyclable du RAVeL de Beez de jour et de nuit avec LuminoKrom\u00ae<\/em><\/p><\/div>\n<p>&nbsp;<\/p>\n<p>LuminoKrom\u00ae marque donc en cette ann\u00e9e 2023 une seconde zone cyclable en Wallonie. Elle devrait \u00e9galement continuer son d\u00e9veloppement dans les prochains mois en vue de l\u2019augmentation des pistes cyclables et voies vertes au niveau europ\u00e9en.<\/p>\n<p>&nbsp;<\/p>\n<div class=\"btn_gris\"><a href=\"https:\/\/www.rtbf.be\/article\/la-peinture-intelligente-va-t-elle-securiser-nos-routes-demain-11210775\" target=\"_blank\" rel=\"noopener\">LIRE L'ARTICLE SUR RTBF<\/a><\/div>\n<\/div>\n<\/div><\/div><\/div><\/div><\/div>","protected":false},"excerpt":{"rendered":"<p>&nbsp; Apr\u00e8s un premier marquage r\u00e9alis\u00e9 \u00e0 Namur, notre peinture photoluminescente a \u00e9t\u00e9 appos\u00e9e sur une voie verte du RAVeL (R\u00e9seau Autonome des Voies Lentes) de la ville de [&hellip;]<\/p>\n","protected":false},"author":4,"featured_media":27721,"comment_status":"open","ping_status":"open","sticky":false,"template":"","format":"standard","meta":{"_acf_changed":false,"inline_featured_image":false,"footnotes":""},"categories":[51,394],"tags":[],"class_list":["post-19289","post","type-post","status-publish","format-standard","has-post-thumbnail","hentry","category-blog","category-realisations"],"acf":[],"_links":{"self":[{"href":"https:\/\/www.luminokrom.com\/fr\/wp-json\/wp\/v2\/posts\/19289","targetHints":{"allow":["GET"]}}],"collection":[{"href":"https:\/\/www.luminokrom.com\/fr\/wp-json\/wp\/v2\/posts"}],"about":[{"href":"https:\/\/www.luminokrom.com\/fr\/wp-json\/wp\/v2\/types\/post"}],"author":[{"embeddable":true,"href":"https:\/\/www.luminokrom.com\/fr\/wp-json\/wp\/v2\/users\/4"}],"replies":[{"embeddable":true,"href":"https:\/\/www.luminokrom.com\/fr\/wp-json\/wp\/v2\/comments?post=19289"}],"version-history":[{"count":5,"href":"https:\/\/www.luminokrom.com\/fr\/wp-json\/wp\/v2\/posts\/19289\/revisions"}],"predecessor-version":[{"id":34562,"href":"https:\/\/www.luminokrom.com\/fr\/wp-json\/wp\/v2\/posts\/19289\/revisions\/34562"}],"wp:featuredmedia":[{"embeddable":true,"href":"https:\/\/www.luminokrom.com\/fr\/wp-json\/wp\/v2\/media\/27721"}],"wp:attachment":[{"href":"https:\/\/www.luminokrom.com\/fr\/wp-json\/wp\/v2\/media?parent=19289"}],"wp:term":[{"taxonomy":"category","embeddable":true,"href":"https:\/\/www.luminokrom.com\/fr\/wp-json\/wp\/v2\/categories?post=19289"},{"taxonomy":"post_tag","embeddable":true,"href":"https:\/\/www.luminokrom.com\/fr\/wp-json\/wp\/v2\/tags?post=19289"}],"curies":[{"name":"wp","href":"https:\/\/api.w.org\/{rel}","templated":true}]}}