{"id":29422,"date":"2024-02-22T17:31:32","date_gmt":"2024-02-22T15:31:32","guid":{"rendered":"https:\/\/www.luminokrom.com\/france-3-comment-cette-piste-cyclable-sillumine-la-nuit-pour-aider-les-usagers-a-circuler-en-securite\/"},"modified":"2024-11-07T18:00:21","modified_gmt":"2024-11-07T16:00:21","slug":"france-3-comment-cette-piste-cyclable-sillumine-la-nuit-pour-aider-les-usagers-a-circuler-en-securite","status":"publish","type":"post","link":"https:\/\/www.luminokrom.com\/fr\/presse\/france-3-comment-cette-piste-cyclable-sillumine-la-nuit-pour-aider-les-usagers-a-circuler-en-securite\/","title":{"rendered":"[France 3] Comment cette piste cyclable s&rsquo;illumine la nuit pour aider les usagers \u00e0 circuler en s\u00e9curit\u00e9"},"content":{"rendered":"<div class=\"min-h-[20px] text-message flex flex-col items-start whitespace-pre-wrap break-words [.text-message+&amp;]:mt-5 juice:w-full juice:items-end overflow-x-auto gap-2\" dir=\"auto\" data-message-author-role=\"assistant\" data-message-id=\"cce7a1dd-6576-4843-9800-58a5eda75e31\">\n<div class=\"flex w-full flex-col gap-1 juice:empty:hidden juice:first:pt-[3px]\">\n<div class=\"markdown prose w-full break-words dark:prose-invert dark\">\n<p>&nbsp;<\/p>\n<h2>Une piste cyclable innovante \u00e0 Colmar : LuminoKrom\u00ae pour la s\u00e9curit\u00e9 nocturne des usagers<\/h2>\n<p>&nbsp;<\/p>\n<p>Depuis l&rsquo;automne 2023, la municipalit\u00e9 de Colmar m\u00e8ne une exp\u00e9rimentation novatrice sur un tron\u00e7on de piste cyclable. Cette voie s\u00e9curis\u00e9e utilise une peinture sp\u00e9ciale, d\u00e9velopp\u00e9e par une entreprise de Bordeaux, qui a la particularit\u00e9 de <strong>briller dans l&rsquo;obscurit\u00e9 pendant dix heures.<\/strong><\/p>\n<p>M\u00eame lorsque la nuit enveloppe la ville, la piste cyclable sous le pont de la Mittelharth demeure visible, malgr\u00e9 l&rsquo;absence d&rsquo;\u00e9clairage public \u00e0 cet emplacement. C&rsquo;est gr\u00e2ce \u00e0 cette <strong>peinture photoluminescente<\/strong> que le trajet est mat\u00e9rialis\u00e9, offrant ainsi un rep\u00e8re lumineux aux cyclistes qui l&#8217;empruntent.<\/p>\n<p>&nbsp;<\/p>\n<\/div>\n<p><a href=\"https:\/\/www.luminokrom.com\/wp-content\/uploads\/2024\/09\/piste-cyclable-lumineuse-colmar-1.jpg\"><img decoding=\"async\" class=\"alignnone wp-image-27592 size-full\" src=\"https:\/\/www.luminokrom.com\/wp-content\/uploads\/2024\/09\/piste-cyclable-lumineuse-colmar-1.jpg\" alt=\"piste cyclable colmar\" width=\"1600\" height=\"1200\" srcset=\"https:\/\/www.luminokrom.com\/wp-content\/uploads\/2024\/09\/piste-cyclable-lumineuse-colmar-1.jpg 1600w, https:\/\/www.luminokrom.com\/wp-content\/uploads\/2024\/09\/piste-cyclable-lumineuse-colmar-1-300x225.jpg 300w, https:\/\/www.luminokrom.com\/wp-content\/uploads\/2024\/09\/piste-cyclable-lumineuse-colmar-1-1024x768.jpg 1024w, https:\/\/www.luminokrom.com\/wp-content\/uploads\/2024\/09\/piste-cyclable-lumineuse-colmar-1-1536x1152.jpg 1536w, https:\/\/www.luminokrom.com\/wp-content\/uploads\/2024\/09\/piste-cyclable-lumineuse-colmar-1-400x300.jpg 400w\" sizes=\"(max-width: 1600px) 100vw, 1600px\" \/><\/a><\/p>\n<div class=\"markdown prose w-full break-words dark:prose-invert dark\">\n<p>&nbsp;<\/p>\n<p><em>France 3 Grand Est<\/em> met en avant une exp\u00e9rimentation men\u00e9e \u00e0 Colmar, o\u00f9 une piste cyclable est \u00e9quip\u00e9e de la peinture photoluminescente LuminoKrom\u00ae. Cette technologie capte la lumi\u00e8re durant la journ\u00e9e pour la restituer la nuit, permettant ainsi aux cyclistes de circuler en toute s\u00e9curit\u00e9 sans recourir \u00e0 un \u00e9clairage \u00e9lectrique. LuminoKrom\u00ae apporte une visibilit\u00e9 accrue aux usagers, m\u00eame dans les zones peu \u00e9clair\u00e9es, contribuant \u00e0 une mobilit\u00e9 douce plus s\u00e9curis\u00e9e.<\/p>\n<p>Cette initiative illustre l\u2019engagement de la ville de Colmar pour des solutions \u00e9cologiques et durables, visant \u00e0 r\u00e9duire la consommation \u00e9nerg\u00e9tique tout en renfor\u00e7ant la s\u00e9curit\u00e9 routi\u00e8re. En cas de succ\u00e8s, ce projet pourrait inspirer d\u2019autres collectivit\u00e9s \u00e0 adopter LuminoKrom\u00ae pour leurs infrastructures de mobilit\u00e9 douce, offrant un mod\u00e8le innovant et respectueux de l\u2019environnement.<\/p>\n<\/div>\n<h3>\u00a0<\/h3>\n<h2>T\u00e9moignage<\/h2>\n<p>\u00ab\u00a0<em>Ce tron\u00e7on \u00e9tait connu pour son accidentologie, avec de nombreuses chutes \u00e0 v\u00e9lo. C&rsquo;est pour cela que nous l&rsquo;avons choisi pour notre exp\u00e9rimentation<\/em>\u00a0\u00bb explique Philippe Scheibling, chef du service Voies publiques et R\u00e9seaux \u00e0\u00a0la Ville de Colmar. \u00ab\u00a0<em>C&rsquo;est une lumi\u00e8re douce, qui ne g\u00e9n\u00e8re pas de pollution lumineuse, mais qui permet un simple guidage \u00e0 des endroits plong\u00e9s dans la p\u00e9nombre\u00a0\u00bb<\/em>\u00a0ajoute-t-il<\/p>\n<div class=\"markdown prose w-full break-words dark:prose-invert dark\">\n<p>&nbsp;<\/p>\n<\/div>\n<\/div>\n<\/div>\n<div class=\"min-h-[20px] text-message flex flex-col items-start whitespace-pre-wrap break-words [.text-message+&amp;]:mt-5 juice:w-full juice:items-end overflow-x-auto gap-2\" dir=\"auto\" data-message-author-role=\"assistant\" data-message-id=\"cce7a1dd-6576-4843-9800-58a5eda75e31\">\n<div class=\"flex w-full flex-col gap-1 juice:empty:hidden juice:first:pt-[3px]\">\n<div class=\"markdown prose w-full break-words dark:prose-invert dark\">\n<div class=\"flex-1 overflow-hidden\">\n<div class=\"h-full\">\n<div class=\"react-scroll-to-bottom--css-pcxsa-79elbk h-full\">\n<div class=\"react-scroll-to-bottom--css-pcxsa-1n7m0yu\">\n<div class=\"flex flex-col text-sm md:pb-9\">\n<article class=\"w-full text-token-text-primary focus-visible:outline-2 focus-visible:outline-offset-[-4px]\" dir=\"auto\" data-testid=\"conversation-turn-5\" data-scroll-anchor=\"true\">\n<div class=\"m-auto text-base py-[18px] px-3 md:px-4 w-full md:px-5 lg:px-4 xl:px-5\">\n<div class=\"mx-auto flex flex-1 gap-4 text-base md:gap-5 lg:gap-6 md:max-w-3xl lg:max-w-[40rem] xl:max-w-[48rem]\">\n<div class=\"group\/conversation-turn relative flex w-full min-w-0 flex-col agent-turn\">\n<div class=\"flex-col gap-1 md:gap-3\">\n<div class=\"flex max-w-full flex-col flex-grow\">\n<div class=\"min-h-8 text-message flex w-full flex-col items-end gap-2 whitespace-normal break-words [.text-message+&amp;]:mt-5 btn_degrade_vert_fleche\" dir=\"auto\" data-message-author-role=\"assistant\" data-message-id=\"05ffb2ee-ddae-4f49-b155-c00c9948b46a\" data-message-model-slug=\"gpt-4o\">\n<div class=\"flex w-full flex-col gap-1 empty:hidden first:pt-[3px]\">\n<h3>Retrouvez l&rsquo;article France 3 &#8211; R\u00e9gion Grand Est<\/h3>\n<\/div>\n<p><a href=\"https:\/\/france3-regions.francetvinfo.fr\/grand-est\/haut-rhin\/colmar\/comment-cette-piste-cyclable-s-illumine-la-nuit-pour-aider-les-usagers-a-circuler-en-securite-2929347.html\" target=\"_blank\" rel=\"noopener\">Lire l&rsquo;article<\/a><\/p>\n<\/div>\n<\/div>\n<\/div>\n<\/div>\n<\/div>\n<\/div>\n<\/article>\n<\/div>\n<\/div>\n<\/div>\n<\/div>\n<\/div>\n<\/div>\n<\/div>\n<\/div>\n","protected":false},"excerpt":{"rendered":"<p>&nbsp; Une piste cyclable innovante \u00e0 Colmar : LuminoKrom\u00ae pour la s\u00e9curit\u00e9 nocturne des usagers &nbsp; Depuis l&rsquo;automne 2023, la municipalit\u00e9 de Colmar m\u00e8ne une exp\u00e9rimentation novatrice sur un [&hellip;]<\/p>\n","protected":false},"author":4,"featured_media":29423,"comment_status":"open","ping_status":"open","sticky":false,"template":"","format":"standard","meta":{"_acf_changed":false,"inline_featured_image":false,"footnotes":""},"categories":[378],"tags":[],"class_list":["post-29422","post","type-post","status-publish","format-standard","has-post-thumbnail","hentry","category-presse"],"acf":[],"_links":{"self":[{"href":"https:\/\/www.luminokrom.com\/fr\/wp-json\/wp\/v2\/posts\/29422","targetHints":{"allow":["GET"]}}],"collection":[{"href":"https:\/\/www.luminokrom.com\/fr\/wp-json\/wp\/v2\/posts"}],"about":[{"href":"https:\/\/www.luminokrom.com\/fr\/wp-json\/wp\/v2\/types\/post"}],"author":[{"embeddable":true,"href":"https:\/\/www.luminokrom.com\/fr\/wp-json\/wp\/v2\/users\/4"}],"replies":[{"embeddable":true,"href":"https:\/\/www.luminokrom.com\/fr\/wp-json\/wp\/v2\/comments?post=29422"}],"version-history":[{"count":5,"href":"https:\/\/www.luminokrom.com\/fr\/wp-json\/wp\/v2\/posts\/29422\/revisions"}],"predecessor-version":[{"id":29787,"href":"https:\/\/www.luminokrom.com\/fr\/wp-json\/wp\/v2\/posts\/29422\/revisions\/29787"}],"wp:featuredmedia":[{"embeddable":true,"href":"https:\/\/www.luminokrom.com\/fr\/wp-json\/wp\/v2\/media\/29423"}],"wp:attachment":[{"href":"https:\/\/www.luminokrom.com\/fr\/wp-json\/wp\/v2\/media?parent=29422"}],"wp:term":[{"taxonomy":"category","embeddable":true,"href":"https:\/\/www.luminokrom.com\/fr\/wp-json\/wp\/v2\/categories?post=29422"},{"taxonomy":"post_tag","embeddable":true,"href":"https:\/\/www.luminokrom.com\/fr\/wp-json\/wp\/v2\/tags?post=29422"}],"curies":[{"name":"wp","href":"https:\/\/api.w.org\/{rel}","templated":true}]}}