{"id":29706,"date":"2024-10-23T15:49:30","date_gmt":"2024-10-23T13:49:30","guid":{"rendered":"https:\/\/www.luminokrom.com\/?p=29706"},"modified":"2024-11-07T14:06:07","modified_gmt":"2024-11-07T12:06:07","slug":"france-inter-luminokrom-la-bioluminescence-au-service-des-cyclistes","status":"publish","type":"post","link":"https:\/\/www.luminokrom.com\/fr\/presse\/france-inter-luminokrom-la-bioluminescence-au-service-des-cyclistes\/","title":{"rendered":"[France Inter] LuminoKrom\u00ae : la bioluminescence au service des cyclistes"},"content":{"rendered":"<div id=\"pl-29706\"  class=\"panel-layout\" ><div id=\"pg-29706-0\"  class=\"panel-grid panel-no-style\" ><div id=\"pgc-29706-0-0\"  class=\"panel-grid-cell\" ><div id=\"panel-29706-0-0-0\" class=\"so-panel widget widget_sow-editor panel-first-child panel-last-child\" data-index=\"0\" ><div\n\t\t\t\n\t\t\tclass=\"so-widget-sow-editor so-widget-sow-editor-base\"\n\t\t\t\n\t\t>\n<div class=\"siteorigin-widget-tinymce textwidget\">\n\t<p>&nbsp;<\/p>\n<h2><strong>LuminoKrom\u00ae : une innovation fran\u00e7aise au service de la s\u00e9curit\u00e9 routi\u00e8re durable<\/strong><\/h2>\n<p>&nbsp;<\/p>\n<p>Dans un reportage diffus\u00e9 par <em>France Inter<\/em> dans l\u2019\u00e9mission <em>Carnets de campagne<\/em>, LuminoKrom\u00ae est mise \u00e0 l\u2019honneur comme une solution innovante pour s\u00e9curiser les voies de mobilit\u00e9 douce en France. Cette peinture photoluminescente capte la lumi\u00e8re du jour et la restitue dans l'obscurit\u00e9, am\u00e9liorant ainsi la visibilit\u00e9 nocturne des pistes cyclables et des zones pi\u00e9tonnes sans n\u00e9cessiter d\u2019alimentation \u00e9lectrique. Ce projet, test\u00e9 dans des villes comme Herblay-sur-Seine, propose une alternative \u00e9cologique et \u00e9conomique \u00e0 l'\u00e9clairage public traditionnel.<\/p>\n<p>Le reportage souligne l\u2019engagement de LuminoKrom\u00ae dans la transition \u00e9nerg\u00e9tique en proposant une solution respectueuse de l\u2019environnement, adaptable aux besoins des collectivit\u00e9s. Cette technologie permet de r\u00e9duire la consommation \u00e9nerg\u00e9tique tout en assurant la s\u00e9curit\u00e9 des usagers la nuit, et pourrait \u00eatre adopt\u00e9e plus largement en France dans les prochaines ann\u00e9es pour r\u00e9pondre aux enjeux de durabilit\u00e9.<\/p>\n<p>&nbsp;<\/p>\n<audio class=\"wp-audio-shortcode\" id=\"audio-29706-1\" preload=\"none\" style=\"width: 100%;\" controls=\"controls\"><source type=\"audio\/mpeg\" src=\"https:\/\/www.luminokrom.com\/wp-content\/uploads\/2024\/11\/franceinter-octobre-2024.mp3?_=1\" \/><a href=\"https:\/\/www.luminokrom.com\/wp-content\/uploads\/2024\/11\/franceinter-octobre-2024.mp3\">https:\/\/www.luminokrom.com\/wp-content\/uploads\/2024\/11\/franceinter-octobre-2024.mp3<\/a><\/audio>\n<p>&nbsp;<\/p>\n<div class=\"flex-1 overflow-hidden\">\n<div class=\"h-full\">\n<div class=\"react-scroll-to-bottom--css-pcxsa-79elbk h-full\">\n<div class=\"react-scroll-to-bottom--css-pcxsa-1n7m0yu\">\n<div class=\"flex flex-col text-sm md:pb-9\">\n<article class=\"w-full text-token-text-primary focus-visible:outline-2 focus-visible:outline-offset-[-4px]\" dir=\"auto\" data-testid=\"conversation-turn-5\" data-scroll-anchor=\"true\">\n<div class=\"m-auto text-base py-[18px] px-3 md:px-4 w-full md:px-5 lg:px-4 xl:px-5\">\n<div class=\"mx-auto flex flex-1 gap-4 text-base md:gap-5 lg:gap-6 md:max-w-3xl lg:max-w-[40rem] xl:max-w-[48rem]\">\n<div class=\"group\/conversation-turn relative flex w-full min-w-0 flex-col agent-turn\">\n<div class=\"flex-col gap-1 md:gap-3\">\n<div class=\"flex max-w-full flex-col flex-grow\">\n<div class=\"min-h-8 text-message flex w-full flex-col items-end gap-2 whitespace-normal break-words [.text-message+&amp;]:mt-5 btn_degrade_vert_fleche\" dir=\"auto\" data-message-author-role=\"assistant\" data-message-id=\"05ffb2ee-ddae-4f49-b155-c00c9948b46a\" data-message-model-slug=\"gpt-4o\">\n<div class=\"flex w-full flex-col gap-1 empty:hidden first:pt-[3px]\">\n<h3>Retrouvez le podcast France Inter<\/h3>\n<\/div>\n<p><a href=\"https:\/\/www.radiofrance.fr\/franceinter\/podcasts\/carnets-de-campagne\/carnets-de-campagne-du-mercredi-23-octobre-2024-3733426\" target=\"_blank\" rel=\"noopener\">Lire l'article<\/a><\/p>\n<\/div>\n<\/div>\n<\/div>\n<\/div>\n<\/div>\n<\/div>\n<\/article>\n<\/div>\n<\/div>\n<\/div>\n<\/div>\n<\/div>\n<\/div>\n<\/div><\/div><\/div><\/div><\/div>","protected":false},"excerpt":{"rendered":"<p>&nbsp; LuminoKrom\u00ae : une innovation fran\u00e7aise au service de la s\u00e9curit\u00e9 routi\u00e8re durable &nbsp; Dans un reportage diffus\u00e9 par France Inter dans l\u2019\u00e9mission Carnets de campagne, LuminoKrom\u00ae est mise [&hellip;]<\/p>\n","protected":false},"author":10,"featured_media":29707,"comment_status":"open","ping_status":"closed","sticky":false,"template":"","format":"standard","meta":{"_acf_changed":false,"inline_featured_image":false,"footnotes":""},"categories":[378],"tags":[],"class_list":["post-29706","post","type-post","status-publish","format-standard","has-post-thumbnail","hentry","category-presse"],"acf":[],"_links":{"self":[{"href":"https:\/\/www.luminokrom.com\/fr\/wp-json\/wp\/v2\/posts\/29706","targetHints":{"allow":["GET"]}}],"collection":[{"href":"https:\/\/www.luminokrom.com\/fr\/wp-json\/wp\/v2\/posts"}],"about":[{"href":"https:\/\/www.luminokrom.com\/fr\/wp-json\/wp\/v2\/types\/post"}],"author":[{"embeddable":true,"href":"https:\/\/www.luminokrom.com\/fr\/wp-json\/wp\/v2\/users\/10"}],"replies":[{"embeddable":true,"href":"https:\/\/www.luminokrom.com\/fr\/wp-json\/wp\/v2\/comments?post=29706"}],"version-history":[{"count":1,"href":"https:\/\/www.luminokrom.com\/fr\/wp-json\/wp\/v2\/posts\/29706\/revisions"}],"predecessor-version":[{"id":29711,"href":"https:\/\/www.luminokrom.com\/fr\/wp-json\/wp\/v2\/posts\/29706\/revisions\/29711"}],"wp:featuredmedia":[{"embeddable":true,"href":"https:\/\/www.luminokrom.com\/fr\/wp-json\/wp\/v2\/media\/29707"}],"wp:attachment":[{"href":"https:\/\/www.luminokrom.com\/fr\/wp-json\/wp\/v2\/media?parent=29706"}],"wp:term":[{"taxonomy":"category","embeddable":true,"href":"https:\/\/www.luminokrom.com\/fr\/wp-json\/wp\/v2\/categories?post=29706"},{"taxonomy":"post_tag","embeddable":true,"href":"https:\/\/www.luminokrom.com\/fr\/wp-json\/wp\/v2\/tags?post=29706"}],"curies":[{"name":"wp","href":"https:\/\/api.w.org\/{rel}","templated":true}]}}